{"id":5772,"date":"2022-01-11T23:46:54","date_gmt":"2022-01-11T22:46:54","guid":{"rendered":"https:\/\/pavechocolats.com\/2022\/01\/11\/dan-cox-veterano-profesional-del-cafe-reescribe-el-libro-sobre-el-cafe-2\/"},"modified":"2022-01-11T23:46:54","modified_gmt":"2022-01-11T22:46:54","slug":"dan-cox-veterano-profesional-del-cafe-reescribe-el-libro-sobre-el-cafe-2","status":"publish","type":"post","link":"https:\/\/pavechocolats.com\/es\/dan-cox-veterano-profesional-del-cafe-reescribe-el-libro-sobre-el-cafe-2\/","title":{"rendered":"Dan Cox, veterano profesional del caf\u00e9, reescribe el libro sobre el caf\u00e9"},"content":{"rendered":"<p class=\"text-content-post\">Lorem ipsum dolor sit amet, consectetur adipisicing elit, sed do eiusmod tempor incididunt ut labore y dolore magna aliqua. Ut enim ad minim veniam, quis nostrud ejercicio ullamco laboris nisi ut aliquip ex ea commodo consequat. Duis aute irure dolor in reprehenderit in voluptate velit esse cillum dolore eu fugiat nulla pariatur. Lorem ipsum dolor sit amet, consectetur adipisicing elit, sed do eiusmod tempor incididunt ut labore y dolore magna aliqua. Ut enim ad minim veniam, quis nostrud ejercicio ullamco laboris nisi ut aliquip ex ea commodo consequat. Duis aute irure dolor in reprehenderit in voluptate velit esse cillum dolore eu fugiat nulla pariatur.<\/p>\n<p class=\"text-content-post\">Excepteur sint occaecat cupidatat non proident, sunt in culpa qui oficia deserunt mollit anim id est laborum. Sed ut perspiciatis unde omnis iste natus error sit voluptatem accusantium doloremque laudantium, totam rem aperiam, eaque ipsa quae ab illo inventore veritatis y quasi architecto beatae vitae dicta sunt explicabo.<\/p>\n<blockquote class=\"text-center\"><p>Lorem ipsum dolor sit amet, eum an aperiam facilisi lobortis, eam dicant melius te, asahis oportere scriptorem te. Quem relevacia honestatis eu, mel ullamcorper blanditasele deseruisse mea.<\/p><\/blockquote>\n<p class=\"text-content-post\">Lorem ipsum dolor sit amet, consectetur adipisicing elit, sed do eiusmod tempor incididunt ut labore y dolore magna aliqua. Ut enim ad minim veniam, quis nostrud ejercicio ullamco laboris nisi ut aliquip ex ea commodo consequat. Duis aute irure dolor in reprehenderit in voluptate velit esse cillum dolore eu fugiat nulla pariatur. Lorem ipsum dolor sit amet, consectetur adipisicing elit, sed do eiusmod tempor incididunt ut labore y dolore magna aliqua. Ut enim ad minim veniam, quis nostrud ejercicio ullamco laboris nisi ut aliquip ex ea commodo consequat. Duis aute irure dolor in reprehenderit in voluptate velit esse cillum dolore eu fugiat nulla pariatur.<\/p>\n","protected":false},"excerpt":{"rendered":"<p>Lorem ipsum dolor sit amet, consectetur adipisicing elit, sed do eiusmod tempor incididunt ut labore y dolore magna aliqua. Ut enim ad minim veniam, quis nostrud ejercicio ullamco laboris.<\/p>\n","protected":false},"author":1,"featured_media":5513,"comment_status":"open","ping_status":"open","sticky":false,"template":"","format":"standard","meta":{"sfsi_plus_gutenberg_text_before_share":"","sfsi_plus_gutenberg_show_text_before_share":"","sfsi_plus_gutenberg_icon_type":"","sfsi_plus_gutenberg_icon_alignemt":"","sfsi_plus_gutenburg_max_per_row":"","footnotes":""},"categories":[259,258],"tags":[262,260],"class_list":["post-5772","post","type-post","status-publish","format-standard","has-post-thumbnail","hentry","category-cafe-arabe","category-carreras-de-baristas","tag-cafe-arabe","tag-carreras-de-baristas"],"yoast_head":"<!-- This site is optimized with the Yoast SEO plugin v26.5 - https:\/\/yoast.com\/wordpress\/plugins\/seo\/ -->\n<title>Dan Cox, veterano profesional del caf\u00e9, reescribe el libro sobre el caf\u00e9 - Pav\u00e9 Chocolats<\/title>\n<meta name=\"robots\" content=\"index, follow, max-snippet:-1, max-image-preview:large, max-video-preview:-1\" \/>\n<link rel=\"canonical\" href=\"https:\/\/pavechocolats.com\/es\/dan-cox-veterano-profesional-del-cafe-reescribe-el-libro-sobre-el-cafe-2\/\" \/>\n<meta property=\"og:locale\" content=\"es_ES\" \/>\n<meta property=\"og:type\" content=\"article\" \/>\n<meta property=\"og:title\" content=\"Dan Cox, veterano profesional del caf\u00e9, reescribe el libro sobre el caf\u00e9 - Pav\u00e9 Chocolats\" \/>\n<meta property=\"og:description\" content=\"Lorem ipsum dolor sit amet, consectetur adipisicing elit, sed do eiusmod tempor incididunt ut labore y dolore magna aliqua. Ut enim ad minim veniam, quis nostrud ejercicio ullamco laboris.\" \/>\n<meta property=\"og:url\" content=\"https:\/\/pavechocolats.com\/es\/dan-cox-veterano-profesional-del-cafe-reescribe-el-libro-sobre-el-cafe-2\/\" \/>\n<meta property=\"og:site_name\" content=\"Pav\u00e9 Chocolats\" \/>\n<meta property=\"article:publisher\" content=\"https:\/\/www.facebook.com\/pavechocolats\/\" \/>\n<meta property=\"article:published_time\" content=\"2022-01-11T22:46:54+00:00\" \/>\n<meta property=\"og:image\" content=\"https:\/\/pavechocolats.com\/wp-content\/uploads\/2019\/06\/blog-2.jpg\" \/>\n\t<meta property=\"og:image:width\" content=\"1600\" \/>\n\t<meta property=\"og:image:height\" content=\"1013\" \/>\n\t<meta property=\"og:image:type\" content=\"image\/jpeg\" \/>\n<meta name=\"author\" content=\"admin_pave\" \/>\n<meta name=\"twitter:card\" content=\"summary_large_image\" \/>\n<meta name=\"twitter:label1\" content=\"Escrito por\" \/>\n\t<meta name=\"twitter:data1\" content=\"admin_pave\" \/>\n\t<meta name=\"twitter:label2\" content=\"Tiempo de lectura\" \/>\n\t<meta name=\"twitter:data2\" content=\"1 minuto\" \/>\n<script type=\"application\/ld+json\" class=\"yoast-schema-graph\">{\"@context\":\"https:\/\/schema.org\",\"@graph\":[{\"@type\":\"Article\",\"@id\":\"https:\/\/pavechocolats.com\/es\/dan-cox-veterano-profesional-del-cafe-reescribe-el-libro-sobre-el-cafe-2\/#article\",\"isPartOf\":{\"@id\":\"https:\/\/pavechocolats.com\/es\/dan-cox-veterano-profesional-del-cafe-reescribe-el-libro-sobre-el-cafe-2\/\"},\"author\":{\"name\":\"admin_pave\",\"@id\":\"https:\/\/pavechocolats.com\/es\/#\/schema\/person\/d8ca24d557053b8fa24dabea394d96cf\"},\"headline\":\"Dan Cox, veterano profesional del caf\u00e9, reescribe el libro sobre el caf\u00e9\",\"datePublished\":\"2022-01-11T22:46:54+00:00\",\"mainEntityOfPage\":{\"@id\":\"https:\/\/pavechocolats.com\/es\/dan-cox-veterano-profesional-del-cafe-reescribe-el-libro-sobre-el-cafe-2\/\"},\"wordCount\":295,\"commentCount\":0,\"publisher\":{\"@id\":\"https:\/\/pavechocolats.com\/es\/#organization\"},\"image\":{\"@id\":\"https:\/\/pavechocolats.com\/es\/dan-cox-veterano-profesional-del-cafe-reescribe-el-libro-sobre-el-cafe-2\/#primaryimage\"},\"thumbnailUrl\":\"https:\/\/pavechocolats.com\/wp-content\/uploads\/2019\/06\/blog-2.jpg\",\"keywords\":[\"cafe arabe\",\"carreras de baristas\"],\"articleSection\":[\"cafe arabe\",\"carreras de baristas\"],\"inLanguage\":\"es\",\"potentialAction\":[{\"@type\":\"CommentAction\",\"name\":\"Comment\",\"target\":[\"https:\/\/pavechocolats.com\/es\/dan-cox-veterano-profesional-del-cafe-reescribe-el-libro-sobre-el-cafe-2\/#respond\"]}]},{\"@type\":\"WebPage\",\"@id\":\"https:\/\/pavechocolats.com\/es\/dan-cox-veterano-profesional-del-cafe-reescribe-el-libro-sobre-el-cafe-2\/\",\"url\":\"https:\/\/pavechocolats.com\/es\/dan-cox-veterano-profesional-del-cafe-reescribe-el-libro-sobre-el-cafe-2\/\",\"name\":\"Dan Cox, veterano profesional del caf\u00e9, reescribe el libro sobre el caf\u00e9 - Pav\u00e9 Chocolats\",\"isPartOf\":{\"@id\":\"https:\/\/pavechocolats.com\/es\/#website\"},\"primaryImageOfPage\":{\"@id\":\"https:\/\/pavechocolats.com\/es\/dan-cox-veterano-profesional-del-cafe-reescribe-el-libro-sobre-el-cafe-2\/#primaryimage\"},\"image\":{\"@id\":\"https:\/\/pavechocolats.com\/es\/dan-cox-veterano-profesional-del-cafe-reescribe-el-libro-sobre-el-cafe-2\/#primaryimage\"},\"thumbnailUrl\":\"https:\/\/pavechocolats.com\/wp-content\/uploads\/2019\/06\/blog-2.jpg\",\"datePublished\":\"2022-01-11T22:46:54+00:00\",\"breadcrumb\":{\"@id\":\"https:\/\/pavechocolats.com\/es\/dan-cox-veterano-profesional-del-cafe-reescribe-el-libro-sobre-el-cafe-2\/#breadcrumb\"},\"inLanguage\":\"es\",\"potentialAction\":[{\"@type\":\"ReadAction\",\"target\":[\"https:\/\/pavechocolats.com\/es\/dan-cox-veterano-profesional-del-cafe-reescribe-el-libro-sobre-el-cafe-2\/\"]}]},{\"@type\":\"ImageObject\",\"inLanguage\":\"es\",\"@id\":\"https:\/\/pavechocolats.com\/es\/dan-cox-veterano-profesional-del-cafe-reescribe-el-libro-sobre-el-cafe-2\/#primaryimage\",\"url\":\"https:\/\/pavechocolats.com\/wp-content\/uploads\/2019\/06\/blog-2.jpg\",\"contentUrl\":\"https:\/\/pavechocolats.com\/wp-content\/uploads\/2019\/06\/blog-2.jpg\",\"width\":1600,\"height\":1013},{\"@type\":\"BreadcrumbList\",\"@id\":\"https:\/\/pavechocolats.com\/es\/dan-cox-veterano-profesional-del-cafe-reescribe-el-libro-sobre-el-cafe-2\/#breadcrumb\",\"itemListElement\":[{\"@type\":\"ListItem\",\"position\":1,\"name\":\"Accueil\",\"item\":\"https:\/\/pavechocolats.com\/es\/chocolates-pave\/\"},{\"@type\":\"ListItem\",\"position\":2,\"name\":\"Dan Cox, veterano profesional del caf\u00e9, reescribe el libro sobre el caf\u00e9\"}]},{\"@type\":\"WebSite\",\"@id\":\"https:\/\/pavechocolats.com\/es\/#website\",\"url\":\"https:\/\/pavechocolats.com\/es\/\",\"name\":\"Pav\u00e9 Chocolats\",\"description\":\"\",\"publisher\":{\"@id\":\"https:\/\/pavechocolats.com\/es\/#organization\"},\"potentialAction\":[{\"@type\":\"SearchAction\",\"target\":{\"@type\":\"EntryPoint\",\"urlTemplate\":\"https:\/\/pavechocolats.com\/es\/?s={search_term_string}\"},\"query-input\":{\"@type\":\"PropertyValueSpecification\",\"valueRequired\":true,\"valueName\":\"search_term_string\"}}],\"inLanguage\":\"es\"},{\"@type\":\"Organization\",\"@id\":\"https:\/\/pavechocolats.com\/es\/#organization\",\"name\":\"Pav\u00e9 Chocolats\",\"url\":\"https:\/\/pavechocolats.com\/es\/\",\"logo\":{\"@type\":\"ImageObject\",\"inLanguage\":\"es\",\"@id\":\"https:\/\/pavechocolats.com\/es\/#\/schema\/logo\/image\/\",\"url\":\"https:\/\/pavechocolats.com\/wp-content\/uploads\/2025\/11\/Pave-New-Logo.svg\",\"contentUrl\":\"https:\/\/pavechocolats.com\/wp-content\/uploads\/2025\/11\/Pave-New-Logo.svg\",\"width\":1,\"height\":1,\"caption\":\"Pav\u00e9 Chocolats\"},\"image\":{\"@id\":\"https:\/\/pavechocolats.com\/es\/#\/schema\/logo\/image\/\"},\"sameAs\":[\"https:\/\/www.facebook.com\/pavechocolats\/\",\"https:\/\/www.instagram.com\/pavechocolats\"]},{\"@type\":\"Person\",\"@id\":\"https:\/\/pavechocolats.com\/es\/#\/schema\/person\/d8ca24d557053b8fa24dabea394d96cf\",\"name\":\"admin_pave\",\"image\":{\"@type\":\"ImageObject\",\"inLanguage\":\"es\",\"@id\":\"https:\/\/pavechocolats.com\/es\/#\/schema\/person\/image\/\",\"url\":\"https:\/\/secure.gravatar.com\/avatar\/af9f8c5e79204f39b175cc96361693155b2ac2e240907b05e758392119c405c0?s=96&d=mm&r=g\",\"contentUrl\":\"https:\/\/secure.gravatar.com\/avatar\/af9f8c5e79204f39b175cc96361693155b2ac2e240907b05e758392119c405c0?s=96&d=mm&r=g\",\"caption\":\"admin_pave\"},\"sameAs\":[\"https:\/\/pavechocolats.com\"]}]}<\/script>\n<!-- \/ Yoast SEO plugin. -->","yoast_head_json":{"title":"Dan Cox, veterano profesional del caf\u00e9, reescribe el libro sobre el caf\u00e9 - Pav\u00e9 Chocolats","robots":{"index":"index","follow":"follow","max-snippet":"max-snippet:-1","max-image-preview":"max-image-preview:large","max-video-preview":"max-video-preview:-1"},"canonical":"https:\/\/pavechocolats.com\/es\/dan-cox-veterano-profesional-del-cafe-reescribe-el-libro-sobre-el-cafe-2\/","og_locale":"es_ES","og_type":"article","og_title":"Dan Cox, veterano profesional del caf\u00e9, reescribe el libro sobre el caf\u00e9 - Pav\u00e9 Chocolats","og_description":"Lorem ipsum dolor sit amet, consectetur adipisicing elit, sed do eiusmod tempor incididunt ut labore y dolore magna aliqua. Ut enim ad minim veniam, quis nostrud ejercicio ullamco laboris.","og_url":"https:\/\/pavechocolats.com\/es\/dan-cox-veterano-profesional-del-cafe-reescribe-el-libro-sobre-el-cafe-2\/","og_site_name":"Pav\u00e9 Chocolats","article_publisher":"https:\/\/www.facebook.com\/pavechocolats\/","article_published_time":"2022-01-11T22:46:54+00:00","og_image":[{"width":1600,"height":1013,"url":"https:\/\/pavechocolats.com\/wp-content\/uploads\/2019\/06\/blog-2.jpg","type":"image\/jpeg"}],"author":"admin_pave","twitter_card":"summary_large_image","twitter_misc":{"Escrito por":"admin_pave","Tiempo de lectura":"1 minuto"},"schema":{"@context":"https:\/\/schema.org","@graph":[{"@type":"Article","@id":"https:\/\/pavechocolats.com\/es\/dan-cox-veterano-profesional-del-cafe-reescribe-el-libro-sobre-el-cafe-2\/#article","isPartOf":{"@id":"https:\/\/pavechocolats.com\/es\/dan-cox-veterano-profesional-del-cafe-reescribe-el-libro-sobre-el-cafe-2\/"},"author":{"name":"admin_pave","@id":"https:\/\/pavechocolats.com\/es\/#\/schema\/person\/d8ca24d557053b8fa24dabea394d96cf"},"headline":"Dan Cox, veterano profesional del caf\u00e9, reescribe el libro sobre el caf\u00e9","datePublished":"2022-01-11T22:46:54+00:00","mainEntityOfPage":{"@id":"https:\/\/pavechocolats.com\/es\/dan-cox-veterano-profesional-del-cafe-reescribe-el-libro-sobre-el-cafe-2\/"},"wordCount":295,"commentCount":0,"publisher":{"@id":"https:\/\/pavechocolats.com\/es\/#organization"},"image":{"@id":"https:\/\/pavechocolats.com\/es\/dan-cox-veterano-profesional-del-cafe-reescribe-el-libro-sobre-el-cafe-2\/#primaryimage"},"thumbnailUrl":"https:\/\/pavechocolats.com\/wp-content\/uploads\/2019\/06\/blog-2.jpg","keywords":["cafe arabe","carreras de baristas"],"articleSection":["cafe arabe","carreras de baristas"],"inLanguage":"es","potentialAction":[{"@type":"CommentAction","name":"Comment","target":["https:\/\/pavechocolats.com\/es\/dan-cox-veterano-profesional-del-cafe-reescribe-el-libro-sobre-el-cafe-2\/#respond"]}]},{"@type":"WebPage","@id":"https:\/\/pavechocolats.com\/es\/dan-cox-veterano-profesional-del-cafe-reescribe-el-libro-sobre-el-cafe-2\/","url":"https:\/\/pavechocolats.com\/es\/dan-cox-veterano-profesional-del-cafe-reescribe-el-libro-sobre-el-cafe-2\/","name":"Dan Cox, veterano profesional del caf\u00e9, reescribe el libro sobre el caf\u00e9 - Pav\u00e9 Chocolats","isPartOf":{"@id":"https:\/\/pavechocolats.com\/es\/#website"},"primaryImageOfPage":{"@id":"https:\/\/pavechocolats.com\/es\/dan-cox-veterano-profesional-del-cafe-reescribe-el-libro-sobre-el-cafe-2\/#primaryimage"},"image":{"@id":"https:\/\/pavechocolats.com\/es\/dan-cox-veterano-profesional-del-cafe-reescribe-el-libro-sobre-el-cafe-2\/#primaryimage"},"thumbnailUrl":"https:\/\/pavechocolats.com\/wp-content\/uploads\/2019\/06\/blog-2.jpg","datePublished":"2022-01-11T22:46:54+00:00","breadcrumb":{"@id":"https:\/\/pavechocolats.com\/es\/dan-cox-veterano-profesional-del-cafe-reescribe-el-libro-sobre-el-cafe-2\/#breadcrumb"},"inLanguage":"es","potentialAction":[{"@type":"ReadAction","target":["https:\/\/pavechocolats.com\/es\/dan-cox-veterano-profesional-del-cafe-reescribe-el-libro-sobre-el-cafe-2\/"]}]},{"@type":"ImageObject","inLanguage":"es","@id":"https:\/\/pavechocolats.com\/es\/dan-cox-veterano-profesional-del-cafe-reescribe-el-libro-sobre-el-cafe-2\/#primaryimage","url":"https:\/\/pavechocolats.com\/wp-content\/uploads\/2019\/06\/blog-2.jpg","contentUrl":"https:\/\/pavechocolats.com\/wp-content\/uploads\/2019\/06\/blog-2.jpg","width":1600,"height":1013},{"@type":"BreadcrumbList","@id":"https:\/\/pavechocolats.com\/es\/dan-cox-veterano-profesional-del-cafe-reescribe-el-libro-sobre-el-cafe-2\/#breadcrumb","itemListElement":[{"@type":"ListItem","position":1,"name":"Accueil","item":"https:\/\/pavechocolats.com\/es\/chocolates-pave\/"},{"@type":"ListItem","position":2,"name":"Dan Cox, veterano profesional del caf\u00e9, reescribe el libro sobre el caf\u00e9"}]},{"@type":"WebSite","@id":"https:\/\/pavechocolats.com\/es\/#website","url":"https:\/\/pavechocolats.com\/es\/","name":"Pav\u00e9 Chocolats","description":"","publisher":{"@id":"https:\/\/pavechocolats.com\/es\/#organization"},"potentialAction":[{"@type":"SearchAction","target":{"@type":"EntryPoint","urlTemplate":"https:\/\/pavechocolats.com\/es\/?s={search_term_string}"},"query-input":{"@type":"PropertyValueSpecification","valueRequired":true,"valueName":"search_term_string"}}],"inLanguage":"es"},{"@type":"Organization","@id":"https:\/\/pavechocolats.com\/es\/#organization","name":"Pav\u00e9 Chocolats","url":"https:\/\/pavechocolats.com\/es\/","logo":{"@type":"ImageObject","inLanguage":"es","@id":"https:\/\/pavechocolats.com\/es\/#\/schema\/logo\/image\/","url":"https:\/\/pavechocolats.com\/wp-content\/uploads\/2025\/11\/Pave-New-Logo.svg","contentUrl":"https:\/\/pavechocolats.com\/wp-content\/uploads\/2025\/11\/Pave-New-Logo.svg","width":1,"height":1,"caption":"Pav\u00e9 Chocolats"},"image":{"@id":"https:\/\/pavechocolats.com\/es\/#\/schema\/logo\/image\/"},"sameAs":["https:\/\/www.facebook.com\/pavechocolats\/","https:\/\/www.instagram.com\/pavechocolats"]},{"@type":"Person","@id":"https:\/\/pavechocolats.com\/es\/#\/schema\/person\/d8ca24d557053b8fa24dabea394d96cf","name":"admin_pave","image":{"@type":"ImageObject","inLanguage":"es","@id":"https:\/\/pavechocolats.com\/es\/#\/schema\/person\/image\/","url":"https:\/\/secure.gravatar.com\/avatar\/af9f8c5e79204f39b175cc96361693155b2ac2e240907b05e758392119c405c0?s=96&d=mm&r=g","contentUrl":"https:\/\/secure.gravatar.com\/avatar\/af9f8c5e79204f39b175cc96361693155b2ac2e240907b05e758392119c405c0?s=96&d=mm&r=g","caption":"admin_pave"},"sameAs":["https:\/\/pavechocolats.com"]}]}},"_links":{"self":[{"href":"https:\/\/pavechocolats.com\/es\/wp-json\/wp\/v2\/posts\/5772","targetHints":{"allow":["GET"]}}],"collection":[{"href":"https:\/\/pavechocolats.com\/es\/wp-json\/wp\/v2\/posts"}],"about":[{"href":"https:\/\/pavechocolats.com\/es\/wp-json\/wp\/v2\/types\/post"}],"author":[{"embeddable":true,"href":"https:\/\/pavechocolats.com\/es\/wp-json\/wp\/v2\/users\/1"}],"replies":[{"embeddable":true,"href":"https:\/\/pavechocolats.com\/es\/wp-json\/wp\/v2\/comments?post=5772"}],"version-history":[{"count":0,"href":"https:\/\/pavechocolats.com\/es\/wp-json\/wp\/v2\/posts\/5772\/revisions"}],"wp:featuredmedia":[{"embeddable":true,"href":"https:\/\/pavechocolats.com\/es\/wp-json\/wp\/v2\/media\/5513"}],"wp:attachment":[{"href":"https:\/\/pavechocolats.com\/es\/wp-json\/wp\/v2\/media?parent=5772"}],"wp:term":[{"taxonomy":"category","embeddable":true,"href":"https:\/\/pavechocolats.com\/es\/wp-json\/wp\/v2\/categories?post=5772"},{"taxonomy":"post_tag","embeddable":true,"href":"https:\/\/pavechocolats.com\/es\/wp-json\/wp\/v2\/tags?post=5772"}],"curies":[{"name":"wp","href":"https:\/\/api.w.org\/{rel}","templated":true}]}}